{"id":33572,"date":"2026-02-15T15:58:58","date_gmt":"2026-02-15T14:58:58","guid":{"rendered":"https:\/\/dierenartsenzondergrenzen.nl\/?p=33572"},"modified":"2026-02-16T23:30:13","modified_gmt":"2026-02-16T22:30:13","slug":"internationale-jaar-van-graslanden-en-herders","status":"publish","type":"post","link":"https:\/\/dierenartsenzondergrenzen.nl\/en\/internationale-jaar-van-graslanden-en-herders\/","title":{"rendered":"International Year of Rangelands and Pastoralists"},"content":{"rendered":"<div data-elementor-type=\"wp-post\" data-elementor-id=\"33572\" class=\"elementor elementor-33572\" data-elementor-post-type=\"post\">\n\t\t\t\t\t\t<section class=\"elementor-section elementor-top-section elementor-element elementor-element-1d337b6 elementor-section-boxed elementor-section-height-default elementor-section-height-default\" data-id=\"1d337b6\" data-element_type=\"section\" data-e-type=\"section\">\n\t\t\t\t\t\t<div class=\"elementor-container elementor-column-gap-default\">\n\t\t\t\t\t<div class=\"elementor-column elementor-col-50 elementor-top-column elementor-element elementor-element-fac8ca9\" data-id=\"fac8ca9\" data-element_type=\"column\" data-e-type=\"column\">\n\t\t\t<div class=\"elementor-widget-wrap elementor-element-populated\">\n\t\t\t\t\t\t<div class=\"elementor-element elementor-element-4276e9b elementor-widget elementor-widget-text-editor\" data-id=\"4276e9b\" data-element_type=\"widget\" data-e-type=\"widget\" data-widget_type=\"text-editor.default\">\n\t\t\t\t<div class=\"elementor-widget-container\">\n\t\t\t\t\t\t\t\t\t<p><em>Utrecht, 17-02-2026<\/em><\/p>\t\t\t\t\t\t\t\t<\/div>\n\t\t\t\t<\/div>\n\t\t\t\t<div class=\"elementor-element elementor-element-c222f10 elementor-widget elementor-widget-text-editor\" data-id=\"c222f10\" data-element_type=\"widget\" data-e-type=\"widget\" data-widget_type=\"text-editor.default\">\n\t\t\t\t<div class=\"elementor-widget-container\">\n\t\t\t\t\t\t\t\t\t<p data-start=\"0\" data-end=\"313\">The United Nations has declared 2026 the <a href=\"https:\/\/iyrp.info\/\">International Year of Rangelands and Pastoralists.<\/a> This is highly significant. Rangelands cover more than half of the Earth\u2019s land surface, store vast amounts of CO\u2082, and are essential for climate resilience, biodiversity, and food security.<\/p><p data-start=\"315\" data-end=\"662\">For generations, pastoralists have managed these landscapes with their animals. By moving with their herds according to the seasons, they allow rangelands to recover and remain productive. Pastoralism is therefore a sustainable and proven land-use system, particularly in dry regions where crop farming is not possible.<\/p><p data-start=\"664\" data-end=\"990\">However, rangelands worldwide are under increasing pressure due to climate change, land degradation, and restrictions on access to land and natural resources. At the same time, the role of pastoralists in sustainable land management is still undervalued, even though more than 200 million people directly depend on this way of life.<\/p>\t\t\t\t\t\t\t\t<\/div>\n\t\t\t\t<\/div>\n\t\t\t\t\t<\/div>\n\t\t<\/div>\n\t\t\t\t<div class=\"elementor-column elementor-col-50 elementor-top-column elementor-element elementor-element-a90ce37\" data-id=\"a90ce37\" data-element_type=\"column\" data-e-type=\"column\">\n\t\t\t<div class=\"elementor-widget-wrap elementor-element-populated\">\n\t\t\t\t\t\t<div class=\"elementor-element elementor-element-b817605 elementor-widget elementor-widget-image\" data-id=\"b817605\" data-element_type=\"widget\" data-e-type=\"widget\" data-widget_type=\"image.default\">\n\t\t\t\t<div class=\"elementor-widget-container\">\n\t\t\t\t\t\t\t\t\t\t\t\t\t\t\t<img fetchpriority=\"high\" decoding=\"async\" width=\"800\" height=\"533\" src=\"https:\/\/dierenartsenzondergrenzen.nl\/wp-content\/uploads\/2026\/02\/16.MCA_0-1200x799.jpg\" class=\"attachment-large size-large wp-image-33575\" alt=\"\" srcset=\"https:\/\/dierenartsenzondergrenzen.nl\/wp-content\/uploads\/2026\/02\/16.MCA_0-1200x799.jpg 1200w, https:\/\/dierenartsenzondergrenzen.nl\/wp-content\/uploads\/2026\/02\/16.MCA_0-800x533.jpg 800w, https:\/\/dierenartsenzondergrenzen.nl\/wp-content\/uploads\/2026\/02\/16.MCA_0-1536x1023.jpg 1536w, https:\/\/dierenartsenzondergrenzen.nl\/wp-content\/uploads\/2026\/02\/16.MCA_0-2048x1364.jpg 2048w, https:\/\/dierenartsenzondergrenzen.nl\/wp-content\/uploads\/2026\/02\/16.MCA_0-18x12.jpg 18w\" sizes=\"(max-width: 800px) 100vw, 800px\" \/>\t\t\t\t\t\t\t\t\t\t\t\t\t\t\t<\/div>\n\t\t\t\t<\/div>\n\t\t\t\t\t<\/div>\n\t\t<\/div>\n\t\t\t\t\t<\/div>\n\t\t<\/section>\n\t\t\t\t<section class=\"elementor-section elementor-top-section elementor-element elementor-element-40b308c elementor-section-boxed elementor-section-height-default elementor-section-height-default\" data-id=\"40b308c\" data-element_type=\"section\" data-e-type=\"section\">\n\t\t\t\t\t\t<div class=\"elementor-container elementor-column-gap-default\">\n\t\t\t\t\t<div class=\"elementor-column elementor-col-100 elementor-top-column elementor-element elementor-element-55a5f5c\" data-id=\"55a5f5c\" data-element_type=\"column\" data-e-type=\"column\">\n\t\t\t<div class=\"elementor-widget-wrap elementor-element-populated\">\n\t\t\t\t\t\t<div class=\"elementor-element elementor-element-ed77cda elementor-widget elementor-widget-text-editor\" data-id=\"ed77cda\" data-element_type=\"widget\" data-e-type=\"widget\" data-widget_type=\"text-editor.default\">\n\t\t\t\t<div class=\"elementor-widget-container\">\n\t\t\t\t\t\t\t\t\t<p data-start=\"992\" data-end=\"1339\">The International Year of Rangelands and Pastoralists presents an opportunity to change this. Together with our international network, <a href=\"https:\/\/vsf-international.org\/\">VSF International,<\/a>\u00a0we have published a manifesto calling for the protection of rangelands, strengthening animal health, and recognising the role of pastoralists as essential to sustainable food systems and a resilient climate.<\/p><p data-start=\"1341\" data-end=\"1439\"><strong data-start=\"1341\" data-end=\"1382\">Read more and sign the manifesto:\u00a0<\/strong><br data-start=\"1382\" data-end=\"1385\" \/><a class=\"decorated-link\" href=\"https:\/\/campaign.vsf-international.org\/nl\/pastoralisme\/\" target=\"_new\" rel=\"noopener\" data-start=\"1385\" data-end=\"1439\">https:\/\/campaign.vsf-international.org\/nl\/pastoralisme\/<\/a><\/p><p data-start=\"1441\" data-end=\"1542\" data-is-last-node=\"\" data-is-only-node=\"\">Together, we can contribute to healthy rangelands, strong communities, and a sustainable future.<\/p>\t\t\t\t\t\t\t\t<\/div>\n\t\t\t\t<\/div>\n\t\t\t\t\t<\/div>\n\t\t<\/div>\n\t\t\t\t\t<\/div>\n\t\t<\/section>\n\t\t\t\t<section class=\"elementor-section elementor-top-section elementor-element elementor-element-e7e72ac elementor-section-boxed elementor-section-height-default elementor-section-height-default\" data-id=\"e7e72ac\" data-element_type=\"section\" data-e-type=\"section\">\n\t\t\t\t\t\t<div class=\"elementor-container elementor-column-gap-default\">\n\t\t\t\t\t<div class=\"elementor-column elementor-col-100 elementor-top-column elementor-element elementor-element-2fd5492\" data-id=\"2fd5492\" data-element_type=\"column\" data-e-type=\"column\">\n\t\t\t<div class=\"elementor-widget-wrap elementor-element-populated\">\n\t\t\t\t\t\t<div class=\"elementor-element elementor-element-12dd78c elementor-widget elementor-widget-spacer\" data-id=\"12dd78c\" data-element_type=\"widget\" data-e-type=\"widget\" data-widget_type=\"spacer.default\">\n\t\t\t\t<div class=\"elementor-widget-container\">\n\t\t\t\t\t\t\t<div class=\"elementor-spacer\">\n\t\t\t<div class=\"elementor-spacer-inner\"><\/div>\n\t\t<\/div>\n\t\t\t\t\t\t<\/div>\n\t\t\t\t<\/div>\n\t\t\t\t\t<\/div>\n\t\t<\/div>\n\t\t\t\t\t<\/div>\n\t\t<\/section>\n\t\t\t\t<\/div>","protected":false},"excerpt":{"rendered":"<p>Utrecht, 17-02-2026 De Verenigde Naties hebben 2026 uitgeroepen tot het Internationale Jaar van Graslanden en Herders. Dat is heel belangrijk! Graslanden beslaan meer dan de helft van het landoppervlak van de aarde, slaan grote hoeveelheden CO\u2082 op en zijn essentieel voor klimaatbestendigheid, biodiversiteit en voedselzekerheid. Al generaties lang beheren herders deze gebieden met hun dieren. [&hellip;]<\/p>","protected":false},"author":76,"featured_media":33574,"comment_status":"closed","ping_status":"open","sticky":false,"template":"","format":"standard","meta":{"footnotes":""},"categories":[657],"tags":[],"class_list":["post-33572","post","type-post","status-publish","format-standard","has-post-thumbnail","hentry","category-uncategorized-nl"],"yoast_head":"<!-- This site is optimized with the Yoast SEO plugin v26.9 - https:\/\/yoast.com\/product\/yoast-seo-wordpress\/ -->\n<title>Internationale Jaar van Graslanden en Herders - Dierenartsen Zonder Grenzen<\/title>\n<meta name=\"robots\" content=\"index, follow, max-snippet:-1, max-image-preview:large, max-video-preview:-1\" \/>\n<link rel=\"canonical\" href=\"https:\/\/dierenartsenzondergrenzen.nl\/en\/internationale-jaar-van-graslanden-en-herders\/\" \/>\n<meta property=\"og:locale\" content=\"en_GB\" \/>\n<meta property=\"og:type\" content=\"article\" \/>\n<meta property=\"og:title\" content=\"Internationale Jaar van Graslanden en Herders - Dierenartsen Zonder Grenzen\" \/>\n<meta property=\"og:description\" content=\"Utrecht, 17-02-2026 De Verenigde Naties hebben 2026 uitgeroepen tot het Internationale Jaar van Graslanden en Herders. Dat is heel belangrijk! Graslanden beslaan meer dan de helft van het landoppervlak van de aarde, slaan grote hoeveelheden CO\u2082 op en zijn essentieel voor klimaatbestendigheid, biodiversiteit en voedselzekerheid. Al generaties lang beheren herders deze gebieden met hun dieren. [&hellip;]\" \/>\n<meta property=\"og:url\" content=\"https:\/\/dierenartsenzondergrenzen.nl\/en\/internationale-jaar-van-graslanden-en-herders\/\" \/>\n<meta property=\"og:site_name\" content=\"Dierenartsen Zonder Grenzen\" \/>\n<meta property=\"article:publisher\" content=\"https:\/\/www.facebook.com\/dierenartsenzondergrenzennederland\" \/>\n<meta property=\"article:published_time\" content=\"2026-02-15T14:58:58+00:00\" \/>\n<meta property=\"article:modified_time\" content=\"2026-02-16T22:30:13+00:00\" \/>\n<meta property=\"og:image\" content=\"https:\/\/dierenartsenzondergrenzen.nl\/wp-content\/uploads\/2026\/02\/width_1080-1.png\" \/>\n\t<meta property=\"og:image:width\" content=\"1080\" \/>\n\t<meta property=\"og:image:height\" content=\"1080\" \/>\n\t<meta property=\"og:image:type\" content=\"image\/png\" \/>\n<meta name=\"author\" content=\"Marlijn Kroezen\" \/>\n<meta name=\"twitter:card\" content=\"summary_large_image\" \/>\n<meta name=\"twitter:label1\" content=\"Written by\" \/>\n\t<meta name=\"twitter:data1\" content=\"Marlijn Kroezen\" \/>\n\t<meta name=\"twitter:label2\" content=\"Estimated reading time\" \/>\n\t<meta name=\"twitter:data2\" content=\"2 minutes\" \/>\n<script type=\"application\/ld+json\" class=\"yoast-schema-graph\">{\"@context\":\"https:\/\/schema.org\",\"@graph\":[{\"@type\":\"Article\",\"@id\":\"https:\/\/dierenartsenzondergrenzen.nl\/internationale-jaar-van-graslanden-en-herders\/#article\",\"isPartOf\":{\"@id\":\"https:\/\/dierenartsenzondergrenzen.nl\/internationale-jaar-van-graslanden-en-herders\/\"},\"author\":{\"name\":\"Marlijn Kroezen\",\"@id\":\"https:\/\/dierenartsenzondergrenzen.nl\/#\/schema\/person\/20f0c0a9ada1fe3417f4b5069592fc07\"},\"headline\":\"Internationale Jaar van Graslanden en Herders\",\"datePublished\":\"2026-02-15T14:58:58+00:00\",\"dateModified\":\"2026-02-16T22:30:13+00:00\",\"mainEntityOfPage\":{\"@id\":\"https:\/\/dierenartsenzondergrenzen.nl\/internationale-jaar-van-graslanden-en-herders\/\"},\"wordCount\":224,\"publisher\":{\"@id\":\"https:\/\/dierenartsenzondergrenzen.nl\/#organization\"},\"image\":{\"@id\":\"https:\/\/dierenartsenzondergrenzen.nl\/internationale-jaar-van-graslanden-en-herders\/#primaryimage\"},\"thumbnailUrl\":\"https:\/\/dierenartsenzondergrenzen.nl\/wp-content\/uploads\/2026\/02\/width_1080-1.png\",\"articleSection\":[\"Uncategorized\"],\"inLanguage\":\"en-GB\"},{\"@type\":\"WebPage\",\"@id\":\"https:\/\/dierenartsenzondergrenzen.nl\/internationale-jaar-van-graslanden-en-herders\/\",\"url\":\"https:\/\/dierenartsenzondergrenzen.nl\/internationale-jaar-van-graslanden-en-herders\/\",\"name\":\"Internationale Jaar van Graslanden en Herders - Dierenartsen Zonder Grenzen\",\"isPartOf\":{\"@id\":\"https:\/\/dierenartsenzondergrenzen.nl\/#website\"},\"primaryImageOfPage\":{\"@id\":\"https:\/\/dierenartsenzondergrenzen.nl\/internationale-jaar-van-graslanden-en-herders\/#primaryimage\"},\"image\":{\"@id\":\"https:\/\/dierenartsenzondergrenzen.nl\/internationale-jaar-van-graslanden-en-herders\/#primaryimage\"},\"thumbnailUrl\":\"https:\/\/dierenartsenzondergrenzen.nl\/wp-content\/uploads\/2026\/02\/width_1080-1.png\",\"datePublished\":\"2026-02-15T14:58:58+00:00\",\"dateModified\":\"2026-02-16T22:30:13+00:00\",\"breadcrumb\":{\"@id\":\"https:\/\/dierenartsenzondergrenzen.nl\/internationale-jaar-van-graslanden-en-herders\/#breadcrumb\"},\"inLanguage\":\"en-GB\",\"potentialAction\":[{\"@type\":\"ReadAction\",\"target\":[\"https:\/\/dierenartsenzondergrenzen.nl\/internationale-jaar-van-graslanden-en-herders\/\"]}]},{\"@type\":\"ImageObject\",\"inLanguage\":\"en-GB\",\"@id\":\"https:\/\/dierenartsenzondergrenzen.nl\/internationale-jaar-van-graslanden-en-herders\/#primaryimage\",\"url\":\"https:\/\/dierenartsenzondergrenzen.nl\/wp-content\/uploads\/2026\/02\/width_1080-1.png\",\"contentUrl\":\"https:\/\/dierenartsenzondergrenzen.nl\/wp-content\/uploads\/2026\/02\/width_1080-1.png\",\"width\":1080,\"height\":1080},{\"@type\":\"BreadcrumbList\",\"@id\":\"https:\/\/dierenartsenzondergrenzen.nl\/internationale-jaar-van-graslanden-en-herders\/#breadcrumb\",\"itemListElement\":[{\"@type\":\"ListItem\",\"position\":1,\"name\":\"Home\",\"item\":\"https:\/\/dierenartsenzondergrenzen.nl\/\"},{\"@type\":\"ListItem\",\"position\":2,\"name\":\"Uncategorized\",\"item\":\"https:\/\/dierenartsenzondergrenzen.nl\/category\/uncategorized-nl\/\"},{\"@type\":\"ListItem\",\"position\":3,\"name\":\"Internationale Jaar van Graslanden en Herders\"}]},{\"@type\":\"WebSite\",\"@id\":\"https:\/\/dierenartsenzondergrenzen.nl\/#website\",\"url\":\"https:\/\/dierenartsenzondergrenzen.nl\/\",\"name\":\"Dierenartsen Zonder Grenzen\",\"description\":\"Dierenartsen Zonder Grenzen\",\"publisher\":{\"@id\":\"https:\/\/dierenartsenzondergrenzen.nl\/#organization\"},\"potentialAction\":[{\"@type\":\"SearchAction\",\"target\":{\"@type\":\"EntryPoint\",\"urlTemplate\":\"https:\/\/dierenartsenzondergrenzen.nl\/?s={search_term_string}\"},\"query-input\":{\"@type\":\"PropertyValueSpecification\",\"valueRequired\":true,\"valueName\":\"search_term_string\"}}],\"inLanguage\":\"en-GB\"},{\"@type\":\"Organization\",\"@id\":\"https:\/\/dierenartsenzondergrenzen.nl\/#organization\",\"name\":\"Dierenartsen Zonder Grenzen\",\"url\":\"https:\/\/dierenartsenzondergrenzen.nl\/\",\"logo\":{\"@type\":\"ImageObject\",\"inLanguage\":\"en-GB\",\"@id\":\"https:\/\/dierenartsenzondergrenzen.nl\/#\/schema\/logo\/image\/\",\"url\":\"https:\/\/dierenartsenzondergrenzen.nl\/wp-content\/uploads\/2021\/12\/logo-VSF_NL_transparent-background.png\",\"contentUrl\":\"https:\/\/dierenartsenzondergrenzen.nl\/wp-content\/uploads\/2021\/12\/logo-VSF_NL_transparent-background.png\",\"width\":1654,\"height\":827,\"caption\":\"Dierenartsen Zonder Grenzen\"},\"image\":{\"@id\":\"https:\/\/dierenartsenzondergrenzen.nl\/#\/schema\/logo\/image\/\"},\"sameAs\":[\"https:\/\/www.facebook.com\/dierenartsenzondergrenzennederland\",\"https:\/\/www.instagram.com\/dierenartsenzondergrenzen.nl\/\"]},{\"@type\":\"Person\",\"@id\":\"https:\/\/dierenartsenzondergrenzen.nl\/#\/schema\/person\/20f0c0a9ada1fe3417f4b5069592fc07\",\"name\":\"Marlijn Kroezen\",\"image\":{\"@type\":\"ImageObject\",\"inLanguage\":\"en-GB\",\"@id\":\"https:\/\/dierenartsenzondergrenzen.nl\/#\/schema\/person\/image\/\",\"url\":\"https:\/\/secure.gravatar.com\/avatar\/96b8e4768455ad5136c7a272c1a27ecfcc5c759612085864f889148127578115?s=96&d=mm&r=g\",\"contentUrl\":\"https:\/\/secure.gravatar.com\/avatar\/96b8e4768455ad5136c7a272c1a27ecfcc5c759612085864f889148127578115?s=96&d=mm&r=g\",\"caption\":\"Marlijn Kroezen\"},\"sameAs\":[\"http:\/\/www.dierenartsenzondergrenzen.nl\"]}]}<\/script>\n<!-- \/ Yoast SEO plugin. -->","yoast_head_json":{"title":"Internationale Jaar van Graslanden en Herders - Dierenartsen Zonder Grenzen","robots":{"index":"index","follow":"follow","max-snippet":"max-snippet:-1","max-image-preview":"max-image-preview:large","max-video-preview":"max-video-preview:-1"},"canonical":"https:\/\/dierenartsenzondergrenzen.nl\/en\/internationale-jaar-van-graslanden-en-herders\/","og_locale":"en_GB","og_type":"article","og_title":"Internationale Jaar van Graslanden en Herders - Dierenartsen Zonder Grenzen","og_description":"Utrecht, 17-02-2026 De Verenigde Naties hebben 2026 uitgeroepen tot het Internationale Jaar van Graslanden en Herders. Dat is heel belangrijk! Graslanden beslaan meer dan de helft van het landoppervlak van de aarde, slaan grote hoeveelheden CO\u2082 op en zijn essentieel voor klimaatbestendigheid, biodiversiteit en voedselzekerheid. Al generaties lang beheren herders deze gebieden met hun dieren. [&hellip;]","og_url":"https:\/\/dierenartsenzondergrenzen.nl\/en\/internationale-jaar-van-graslanden-en-herders\/","og_site_name":"Dierenartsen Zonder Grenzen","article_publisher":"https:\/\/www.facebook.com\/dierenartsenzondergrenzennederland","article_published_time":"2026-02-15T14:58:58+00:00","article_modified_time":"2026-02-16T22:30:13+00:00","og_image":[{"width":1080,"height":1080,"url":"https:\/\/dierenartsenzondergrenzen.nl\/wp-content\/uploads\/2026\/02\/width_1080-1.png","type":"image\/png"}],"author":"Marlijn Kroezen","twitter_card":"summary_large_image","twitter_misc":{"Written by":"Marlijn Kroezen","Estimated reading time":"2 minutes"},"schema":{"@context":"https:\/\/schema.org","@graph":[{"@type":"Article","@id":"https:\/\/dierenartsenzondergrenzen.nl\/internationale-jaar-van-graslanden-en-herders\/#article","isPartOf":{"@id":"https:\/\/dierenartsenzondergrenzen.nl\/internationale-jaar-van-graslanden-en-herders\/"},"author":{"name":"Marlijn Kroezen","@id":"https:\/\/dierenartsenzondergrenzen.nl\/#\/schema\/person\/20f0c0a9ada1fe3417f4b5069592fc07"},"headline":"Internationale Jaar van Graslanden en Herders","datePublished":"2026-02-15T14:58:58+00:00","dateModified":"2026-02-16T22:30:13+00:00","mainEntityOfPage":{"@id":"https:\/\/dierenartsenzondergrenzen.nl\/internationale-jaar-van-graslanden-en-herders\/"},"wordCount":224,"publisher":{"@id":"https:\/\/dierenartsenzondergrenzen.nl\/#organization"},"image":{"@id":"https:\/\/dierenartsenzondergrenzen.nl\/internationale-jaar-van-graslanden-en-herders\/#primaryimage"},"thumbnailUrl":"https:\/\/dierenartsenzondergrenzen.nl\/wp-content\/uploads\/2026\/02\/width_1080-1.png","articleSection":["Uncategorized"],"inLanguage":"en-GB"},{"@type":"WebPage","@id":"https:\/\/dierenartsenzondergrenzen.nl\/internationale-jaar-van-graslanden-en-herders\/","url":"https:\/\/dierenartsenzondergrenzen.nl\/internationale-jaar-van-graslanden-en-herders\/","name":"Internationale Jaar van Graslanden en Herders - Dierenartsen Zonder Grenzen","isPartOf":{"@id":"https:\/\/dierenartsenzondergrenzen.nl\/#website"},"primaryImageOfPage":{"@id":"https:\/\/dierenartsenzondergrenzen.nl\/internationale-jaar-van-graslanden-en-herders\/#primaryimage"},"image":{"@id":"https:\/\/dierenartsenzondergrenzen.nl\/internationale-jaar-van-graslanden-en-herders\/#primaryimage"},"thumbnailUrl":"https:\/\/dierenartsenzondergrenzen.nl\/wp-content\/uploads\/2026\/02\/width_1080-1.png","datePublished":"2026-02-15T14:58:58+00:00","dateModified":"2026-02-16T22:30:13+00:00","breadcrumb":{"@id":"https:\/\/dierenartsenzondergrenzen.nl\/internationale-jaar-van-graslanden-en-herders\/#breadcrumb"},"inLanguage":"en-GB","potentialAction":[{"@type":"ReadAction","target":["https:\/\/dierenartsenzondergrenzen.nl\/internationale-jaar-van-graslanden-en-herders\/"]}]},{"@type":"ImageObject","inLanguage":"en-GB","@id":"https:\/\/dierenartsenzondergrenzen.nl\/internationale-jaar-van-graslanden-en-herders\/#primaryimage","url":"https:\/\/dierenartsenzondergrenzen.nl\/wp-content\/uploads\/2026\/02\/width_1080-1.png","contentUrl":"https:\/\/dierenartsenzondergrenzen.nl\/wp-content\/uploads\/2026\/02\/width_1080-1.png","width":1080,"height":1080},{"@type":"BreadcrumbList","@id":"https:\/\/dierenartsenzondergrenzen.nl\/internationale-jaar-van-graslanden-en-herders\/#breadcrumb","itemListElement":[{"@type":"ListItem","position":1,"name":"Home","item":"https:\/\/dierenartsenzondergrenzen.nl\/"},{"@type":"ListItem","position":2,"name":"Uncategorized","item":"https:\/\/dierenartsenzondergrenzen.nl\/category\/uncategorized-nl\/"},{"@type":"ListItem","position":3,"name":"Internationale Jaar van Graslanden en Herders"}]},{"@type":"WebSite","@id":"https:\/\/dierenartsenzondergrenzen.nl\/#website","url":"https:\/\/dierenartsenzondergrenzen.nl\/","name":"V\u00e9t\u00e9rinaires Sans Fronti\u00e8res","description":"V\u00e9t\u00e9rinaires Sans Fronti\u00e8res","publisher":{"@id":"https:\/\/dierenartsenzondergrenzen.nl\/#organization"},"potentialAction":[{"@type":"SearchAction","target":{"@type":"EntryPoint","urlTemplate":"https:\/\/dierenartsenzondergrenzen.nl\/?s={search_term_string}"},"query-input":{"@type":"PropertyValueSpecification","valueRequired":true,"valueName":"search_term_string"}}],"inLanguage":"en-GB"},{"@type":"Organization","@id":"https:\/\/dierenartsenzondergrenzen.nl\/#organization","name":"V\u00e9t\u00e9rinaires Sans Fronti\u00e8res","url":"https:\/\/dierenartsenzondergrenzen.nl\/","logo":{"@type":"ImageObject","inLanguage":"en-GB","@id":"https:\/\/dierenartsenzondergrenzen.nl\/#\/schema\/logo\/image\/","url":"https:\/\/dierenartsenzondergrenzen.nl\/wp-content\/uploads\/2021\/12\/logo-VSF_NL_transparent-background.png","contentUrl":"https:\/\/dierenartsenzondergrenzen.nl\/wp-content\/uploads\/2021\/12\/logo-VSF_NL_transparent-background.png","width":1654,"height":827,"caption":"Dierenartsen Zonder Grenzen"},"image":{"@id":"https:\/\/dierenartsenzondergrenzen.nl\/#\/schema\/logo\/image\/"},"sameAs":["https:\/\/www.facebook.com\/dierenartsenzondergrenzennederland","https:\/\/www.instagram.com\/dierenartsenzondergrenzen.nl\/"]},{"@type":"Person","@id":"https:\/\/dierenartsenzondergrenzen.nl\/#\/schema\/person\/20f0c0a9ada1fe3417f4b5069592fc07","name":"Marlijn Kroezen","image":{"@type":"ImageObject","inLanguage":"en-GB","@id":"https:\/\/dierenartsenzondergrenzen.nl\/#\/schema\/person\/image\/","url":"https:\/\/secure.gravatar.com\/avatar\/96b8e4768455ad5136c7a272c1a27ecfcc5c759612085864f889148127578115?s=96&d=mm&r=g","contentUrl":"https:\/\/secure.gravatar.com\/avatar\/96b8e4768455ad5136c7a272c1a27ecfcc5c759612085864f889148127578115?s=96&d=mm&r=g","caption":"Marlijn Kroezen"},"sameAs":["http:\/\/www.dierenartsenzondergrenzen.nl"]}]}},"_links":{"self":[{"href":"https:\/\/dierenartsenzondergrenzen.nl\/en\/wp-json\/wp\/v2\/posts\/33572","targetHints":{"allow":["GET"]}}],"collection":[{"href":"https:\/\/dierenartsenzondergrenzen.nl\/en\/wp-json\/wp\/v2\/posts"}],"about":[{"href":"https:\/\/dierenartsenzondergrenzen.nl\/en\/wp-json\/wp\/v2\/types\/post"}],"author":[{"embeddable":true,"href":"https:\/\/dierenartsenzondergrenzen.nl\/en\/wp-json\/wp\/v2\/users\/76"}],"replies":[{"embeddable":true,"href":"https:\/\/dierenartsenzondergrenzen.nl\/en\/wp-json\/wp\/v2\/comments?post=33572"}],"version-history":[{"count":8,"href":"https:\/\/dierenartsenzondergrenzen.nl\/en\/wp-json\/wp\/v2\/posts\/33572\/revisions"}],"predecessor-version":[{"id":33594,"href":"https:\/\/dierenartsenzondergrenzen.nl\/en\/wp-json\/wp\/v2\/posts\/33572\/revisions\/33594"}],"wp:featuredmedia":[{"embeddable":true,"href":"https:\/\/dierenartsenzondergrenzen.nl\/en\/wp-json\/wp\/v2\/media\/33574"}],"wp:attachment":[{"href":"https:\/\/dierenartsenzondergrenzen.nl\/en\/wp-json\/wp\/v2\/media?parent=33572"}],"wp:term":[{"taxonomy":"category","embeddable":true,"href":"https:\/\/dierenartsenzondergrenzen.nl\/en\/wp-json\/wp\/v2\/categories?post=33572"},{"taxonomy":"post_tag","embeddable":true,"href":"https:\/\/dierenartsenzondergrenzen.nl\/en\/wp-json\/wp\/v2\/tags?post=33572"}],"curies":[{"name":"wp","href":"https:\/\/api.w.org\/{rel}","templated":true}]}}